{"id":14740,"date":"2019-05-03T16:22:39","date_gmt":"2019-05-03T21:22:39","guid":{"rendered":"https:\/\/www.sos.org\/meditation-et-unite-humaine\/"},"modified":"2024-12-02T04:19:29","modified_gmt":"2024-12-02T10:19:29","slug":"meditation-et-unite-humaine","status":"publish","type":"post","link":"https:\/\/www.sos.org\/fr\/meditation-et-unite-humaine\/","title":{"rendered":"La m\u00e9ditation et l\u2019unit\u00e9 humaine"},"content":{"rendered":"<p>[et_pb_section fb_built=\u00a0\u00bb1&Prime; _builder_version=\u00a0\u00bb4.16&Prime; custom_padding=\u00a0\u00bb|||\u00a0\u00bb global_colors_info=\u00a0\u00bb{}\u00a0\u00bb da_is_popup=\u00a0\u00bboff\u00a0\u00bb da_exit_intent=\u00a0\u00bboff\u00a0\u00bb da_has_close=\u00a0\u00bbon\u00a0\u00bb da_alt_close=\u00a0\u00bboff\u00a0\u00bb da_dark_close=\u00a0\u00bboff\u00a0\u00bb da_not_modal=\u00a0\u00bbon\u00a0\u00bb da_is_singular=\u00a0\u00bboff\u00a0\u00bb da_with_loader=\u00a0\u00bboff\u00a0\u00bb da_has_shadow=\u00a0\u00bbon\u00a0\u00bb da_disable_devices=\u00a0\u00bboff|off|off\u00a0\u00bb][et_pb_row _builder_version=\u00a0\u00bb4.16&Prime; custom_padding=\u00a0\u00bb27px|0px|0|0px|false|false\u00a0\u00bb global_colors_info=\u00a0\u00bb{}\u00a0\u00bb][et_pb_column type=\u00a0\u00bb4_4&Prime; _builder_version=\u00a0\u00bb4.16&Prime; custom_padding=\u00a0\u00bb|||\u00a0\u00bb global_colors_info=\u00a0\u00bb{}\u00a0\u00bb custom_padding__hover=\u00a0\u00bb|||\u00a0\u00bb][et_pb_text admin_label=\u00a0\u00bbtitle\u00a0\u00bb _builder_version=\u00a0\u00bb4.16&Prime; text_orientation=\u00a0\u00bbcenter\u00a0\u00bb custom_padding=\u00a0\u00bb||21px|||\u00a0\u00bb text_font_size_last_edited=\u00a0\u00bboff|desktop\u00a0\u00bb global_colors_info=\u00a0\u00bb{}\u00a0\u00bb]<\/p>\n<h1>La m\u00e9ditation et l\u2019unit\u00e9 humaine<\/h1>\n<h2>Sant Rajinder Singh Ji Maharaj<\/h2>\n<p>[\/et_pb_text][\/et_pb_column][\/et_pb_row][et_pb_row _builder_version=\u00a0\u00bb4.16&Prime; custom_padding=\u00a0\u00bb27px|0px|0|0px|false|false\u00a0\u00bb global_colors_info=\u00a0\u00bb{}\u00a0\u00bb][et_pb_column type=\u00a0\u00bb4_4&Prime; _builder_version=\u00a0\u00bb4.16&Prime; custom_padding=\u00a0\u00bb|||\u00a0\u00bb global_colors_info=\u00a0\u00bb{}\u00a0\u00bb custom_padding__hover=\u00a0\u00bb|||\u00a0\u00bb][et_pb_text admin_label=\u00a0\u00bbcontent\u00a0\u00bb module_class=\u00a0\u00bbsos-dropcap\u00a0\u00bb _builder_version=\u00a0\u00bb4.16&Prime; max_width=\u00a0\u00bb75%\u00a0\u00bb max_width_tablet=\u00a0\u00bb\u00a0\u00bb max_width_phone=\u00a0\u00bb\u00a0\u00bb max_width_last_edited=\u00a0\u00bbon|phone\u00a0\u00bb module_alignment=\u00a0\u00bbcenter\u00a0\u00bb custom_padding=\u00a0\u00bb31px||35px|||\u00a0\u00bb global_colors_info=\u00a0\u00bb{}\u00a0\u00bb]<\/p>\n<p>Les bienfaits de la m\u00e9ditation sont multiples. Des recherches ont \u00e9tabli que la m\u00e9ditation am\u00e9liore notre bien-\u00eatre physique et mental. Elle r\u00e9duit les maladies en rapport avec le stress, renforce nos capacit\u00e9s mentales et contribue \u00e0 l\u2019am\u00e9lioration de nos relations avec autrui. Cependant, l\u2019aspect le plus important de la m\u00e9ditation est son impact sur notre bien \u00eatre spirituel. En nous permettant de connecter notre \u00e2me \u00e0 la Lumi\u00e8re et au Son int\u00e9rieurs de Dieu, la m\u00e9ditation nourrit notre \u00e2me et nous rend plus calmes, plus aimants et plus pacifiques. Nous devenons, de ce fait, une source de qui\u00e9tude et d\u2019inspiration pour ceux qui nous entourent. <img loading=\"lazy\" decoding=\"async\" class=\"wp-image-8037 alignnone size-full\" src=\"https:\/\/www.sos.org\/wp-content\/uploads\/2019\/05\/Meditation-and-Human-Unity-Banner-A.jpg\" alt=\"Meditation-Human-Unity-Banner\" width=\"1586\" height=\"371\" srcset=\"https:\/\/www.sos.org\/wp-content\/uploads\/2019\/05\/Meditation-and-Human-Unity-Banner-A.jpg 1586w, https:\/\/www.sos.org\/wp-content\/uploads\/2019\/05\/Meditation-and-Human-Unity-Banner-A-900x211.jpg 900w, https:\/\/www.sos.org\/wp-content\/uploads\/2019\/05\/Meditation-and-Human-Unity-Banner-A-768x180.jpg 768w, https:\/\/www.sos.org\/wp-content\/uploads\/2019\/05\/Meditation-and-Human-Unity-Banner-A-1080x253.jpg 1080w, https:\/\/www.sos.org\/wp-content\/uploads\/2019\/05\/Meditation-and-Human-Unity-Banner-A-610x143.jpg 610w\" sizes=\"(max-width: 1586px) 100vw, 1586px\" \/> Le voyage int\u00e9rieur que nous effectuerons gr\u00e2ce \u00e0 la m\u00e9ditation nous permettra de r\u00e9aliser que Dieu est Toute-Lumi\u00e8re. Nous prendrons conscience qu\u2019en tant qu\u2019\u00e2mes, nous sommes \u00e9galement un rayon de cette m\u00eame Lumi\u00e8re divine. Nous commencerons \u00e0 nous rendre compte que cette Lumi\u00e8re, qui brille \u00e0 l\u2019int\u00e9rieur de nous, est \u00e9galement pr\u00e9sente dans toutes les autres formes de vies de la cr\u00e9ation. Nous verrons la Lumi\u00e8re de Dieu briller en tous. Lorsque nous acc\u00e9derons \u00e0 un tel \u00e9tat de conscience, les oppositions qui avaient pour effet de nous s\u00e9parer les uns des autres dispara\u00eetront. Nous verrons par nous-m\u00eames que nous sommes tous les enfants d\u2019un m\u00eame P\u00e8re et nous d\u00e9velopperons de l\u2019amour les uns pour les autres. Nous ne blesserons plus autrui ni en pens\u00e9e ni en parole ni en acte. Nous chercherons plut\u00f4t \u00e0 nous aider les uns les autres. <img loading=\"lazy\" decoding=\"async\" class=\"wp-image-8055 aligncenter\" src=\"https:\/\/www.sos.org\/wp-content\/uploads\/2019\/05\/unity-leads-to-peace.jpg\" alt=\"unity leads to peace Sant Rajinder Singh\" width=\"656\" height=\"349\" \/><\/p>\n<blockquote><p>Notre amour d\u00e9passera le cadre strictement familial et s\u2019\u00e9tendra progressivement \u00e0 nos voisins, \u00e0 notre communaut\u00e9, \u00e0 notre pays et enfin \u00e0 l\u2019ensemble du genre humain. La m\u00e9ditation a le pouvoir de nous rapprocher les uns des autres &#8211; au niveau de l\u2019\u00e2me &#8211; et nous aide \u00e0 appr\u00e9hender l\u2019unicit\u00e9 de l\u2019enti\u00e8re Cr\u00e9ation.<\/p><\/blockquote>\n<p>La m\u00e9ditation peut ainsi contribuer \u00e0 la r\u00e9alisation de l\u2019unit\u00e9 humaine sur cette plan\u00e8te. Si nous consacrons, chaque jour, ne serait-ce qu\u2019une petite part de notre temps \u00e0 la m\u00e9ditation, nous contribuerons, par nous-m\u00eames, \u00e0 la r\u00e9duction de notre stress, ferons l\u2019exp\u00e9rience de la b\u00e9atitude int\u00e9rieure les \u00e2mes ne tardera pas \u00e0 \u00e9merger. Et le paradis sur terre que nous appelons tous de nos v\u0153ux verra alors le jour.<\/p>\n<p>[\/et_pb_text][et_pb_text disabled_on=\u00a0\u00bbon|on|on\u00a0\u00bb admin_label=\u00a0\u00bbAbout Author Text\u00a0\u00bb _builder_version=\u00a0\u00bb4.19.4&Prime; max_width=\u00a0\u00bb75%\u00a0\u00bb max_width_tablet=\u00a0\u00bb\u00a0\u00bb max_width_phone=\u00a0\u00bb\u00a0\u00bb max_width_last_edited=\u00a0\u00bbon|desktop\u00a0\u00bb module_alignment=\u00a0\u00bbcenter\u00a0\u00bb disabled=\u00a0\u00bbon\u00a0\u00bb global_module=\u00a0\u00bb36318&Prime; global_colors_info=\u00a0\u00bb{}\u00a0\u00bb]<\/p>\n<p><img loading=\"lazy\" decoding=\"async\" class=\"wp-image-15677 aligncenter size-full lazyloaded\" title=\"\" src=\"https:\/\/www.sos.org\/wp-content\/uploads\/2019\/06\/line-2-crp-200.png\" alt=\"article Rajinder meditation end\" width=\"200\" height=\"30\" data-src=\"https:\/\/www.sos.org\/wp-content\/uploads\/2019\/06\/line-2-crp-200.png.webp\" data-src-webp=\"https:\/\/www.sos.org\/wp-content\/uploads\/2019\/06\/line-2-crp-200.png.webp\" \/><\/p>\n<h5>\u00a0<\/h5>\n<h4 style=\"text-align: center\">A szerz\u0151r\u0151l <strong><a href=\"https:\/\/www.sos.org\/hu\/sant-rajinder-singh-ji-maharaj\/\" target=\"_blank\" rel=\"noopener noreferrer\">Sant Rajinder Singh Ji Maharaj<\/a><\/strong><\/h4>\n<h4 style=\"text-align: center\">K\u00f6vesd Sant Rajinder Singh Jit itt <a href=\"https:\/\/www.facebook.com\/SantRajinderSinghJiMaharaj\/\" target=\"_blank\" rel=\"noopener noreferrer\">Facebook<\/a>\u00a0 |\u00a0 <a href=\"https:\/\/www.youtube.com\/user\/SantRajinderSingh\" target=\"_blank\" rel=\"noopener noreferrer\">YouTube\u00a0<\/a>|\u00a0 <a href=\"https:\/\/www.instagram.com\/sant.rajinder.singh.ji.maharaj\/\" target=\"_blank\" rel=\"noopener noreferrer\">Instagram<\/a><\/h4>\n<p>[\/et_pb_text][\/et_pb_column][\/et_pb_row][\/et_pb_section][et_pb_section fb_built=\u00a0\u00bb1&Prime; module_id=\u00a0\u00bbsos-learn-more-footer\u00a0\u00bb module_class=\u00a0\u00bbsos-marble-bg sos-highlight-section\u00a0\u00bb _builder_version=\u00a0\u00bb4.6.5&Prime; custom_padding=\u00a0\u00bb50px|0px|54px|0px|false|false\u00a0\u00bb box_shadow_style=\u00a0\u00bbpreset1&Prime; global_module=\u00a0\u00bb537&Prime; global_colors_info=\u00a0\u00bb{}\u00a0\u00bb da_is_popup=\u00a0\u00bboff\u00a0\u00bb da_exit_intent=\u00a0\u00bboff\u00a0\u00bb da_has_close=\u00a0\u00bbon\u00a0\u00bb da_alt_close=\u00a0\u00bboff\u00a0\u00bb da_dark_close=\u00a0\u00bboff\u00a0\u00bb da_not_modal=\u00a0\u00bbon\u00a0\u00bb da_is_singular=\u00a0\u00bboff\u00a0\u00bb da_with_loader=\u00a0\u00bboff\u00a0\u00bb da_has_shadow=\u00a0\u00bbon\u00a0\u00bb da_disable_devices=\u00a0\u00bboff|off|off\u00a0\u00bb][et_pb_row make_equal=\u00a0\u00bbon\u00a0\u00bb _builder_version=\u00a0\u00bb4.16&Prime; max_width=\u00a0\u00bb89%\u00a0\u00bb custom_padding=\u00a0\u00bb0|0px|27px|0px|false|false\u00a0\u00bb global_colors_info=\u00a0\u00bb{}\u00a0\u00bb][et_pb_column type=\u00a0\u00bb4_4&Prime; _builder_version=\u00a0\u00bb4.16&Prime; custom_padding=\u00a0\u00bb|||\u00a0\u00bb global_colors_info=\u00a0\u00bb{}\u00a0\u00bb custom_padding__hover=\u00a0\u00bb|||\u00a0\u00bb][et_pb_text _builder_version=\u00a0\u00bb4.16&Prime; global_colors_info=\u00a0\u00bb{}\u00a0\u00bb]<\/p>\n<h1 class=\"center-text font-size-8\">Want to Learn More?<\/h1>\n<p>[\/et_pb_text][et_pb_blog fullwidth=\u00a0\u00bboff\u00a0\u00bb posts_number=\u00a0\u00bb6&Prime; include_categories=\u00a0\u00bb30&Prime; show_more=\u00a0\u00bbon\u00a0\u00bb show_author=\u00a0\u00bboff\u00a0\u00bb show_date=\u00a0\u00bboff\u00a0\u00bb show_categories=\u00a0\u00bboff\u00a0\u00bb show_pagination=\u00a0\u00bboff\u00a0\u00bb use_overlay=\u00a0\u00bbon\u00a0\u00bb overlay_icon_color=\u00a0\u00bb#ffffff\u00a0\u00bb hover_overlay_color=\u00a0\u00bbrgba(229,222,216,0.4)\u00a0\u00bb hover_icon=\u00a0\u00bb&#x39;||divi||400&Prime; masonry_tile_background_color=\u00a0\u00bb#ffffff\u00a0\u00bb admin_label=\u00a0\u00bbSpiritual Growth Blog + Video Stream\u00a0\u00bb module_class=\u00a0\u00bbsos-article-grid\u00a0\u00bb _builder_version=\u00a0\u00bb4.16&Prime; text_orientation=\u00a0\u00bbleft\u00a0\u00bb global_colors_info=\u00a0\u00bb{}\u00a0\u00bb]<\/p>\n<p>\u00a0<\/p>\n<p>[\/et_pb_blog][\/et_pb_column][\/et_pb_row][\/et_pb_section][et_pb_section fb_built=\u00a0\u00bb1&Prime; disabled_on=\u00a0\u00bbon|off|off\u00a0\u00bb admin_label=\u00a0\u00bbPage Footer\u00a0\u00bb _builder_version=\u00a0\u00bb4.16&Prime; background_color=\u00a0\u00bb#e1b93b\u00a0\u00bb background_image=\u00a0\u00bbhttps:\/\/www.sos.org\/wp-content\/uploads\/2018\/07\/footer-08.jpg\u00a0\u00bb background_enable_image=\u00a0\u00bboff\u00a0\u00bb width=\u00a0\u00bb100%\u00a0\u00bb custom_padding=\u00a0\u00bb35px|0px|35px|0px|false|false\u00a0\u00bb da_disable_devices=\u00a0\u00bboff|off|off\u00a0\u00bb global_module=\u00a0\u00bb403&Prime; saved_tabs=\u00a0\u00bball\u00a0\u00bb locked=\u00a0\u00bboff\u00a0\u00bb collapsed=\u00a0\u00bboff\u00a0\u00bb global_colors_info=\u00a0\u00bb{}\u00a0\u00bb da_is_popup=\u00a0\u00bboff\u00a0\u00bb da_exit_intent=\u00a0\u00bboff\u00a0\u00bb da_has_close=\u00a0\u00bbon\u00a0\u00bb da_alt_close=\u00a0\u00bboff\u00a0\u00bb da_dark_close=\u00a0\u00bboff\u00a0\u00bb da_not_modal=\u00a0\u00bbon\u00a0\u00bb da_is_singular=\u00a0\u00bboff\u00a0\u00bb da_with_loader=\u00a0\u00bboff\u00a0\u00bb da_has_shadow=\u00a0\u00bbon\u00a0\u00bb][et_pb_row column_structure=\u00a0\u00bb1_4,1_4,1_4,1_4&Prime; make_equal=\u00a0\u00bbon\u00a0\u00bb module_class=\u00a0\u00bbsos-expanded-footer\u00a0\u00bb _builder_version=\u00a0\u00bb4.16&Prime; global_colors_info=\u00a0\u00bb{}\u00a0\u00bb][et_pb_column type=\u00a0\u00bb1_4&Prime; _builder_version=\u00a0\u00bb4.16&Prime; custom_padding=\u00a0\u00bb|||\u00a0\u00bb global_colors_info=\u00a0\u00bb{}\u00a0\u00bb custom_padding__hover=\u00a0\u00bb|||\u00a0\u00bb][et_pb_text admin_label=\u00a0\u00bbMeditation\u00a0\u00bb _builder_version=\u00a0\u00bb4.16&Prime; text_font=\u00a0\u00bbNunito|600|||||||\u00a0\u00bb text_text_color=\u00a0\u00bb#968743&Prime; text_font_size=\u00a0\u00bb13px\u00a0\u00bb header_font=\u00a0\u00bbNunito||||||||\u00a0\u00bb header_5_font=\u00a0\u00bbNunito|600|||||||\u00a0\u00bb header_6_font=\u00a0\u00bbNunito|600|||||||\u00a0\u00bb global_colors_info=\u00a0\u00bb{}\u00a0\u00bb]<\/p>\n<h3>MEDITATION<\/h3>\n<p><a title=\"Spiritual Growth\" href=\"https:\/\/www.sos.org\/fr\/spiritual-growth\/\">Spiritual Growth<\/a> <a title=\"Benefits of a Spiritual Guide\" href=\"https:\/\/www.sos.org\/fr\/spiritual-guide\/\">Benefits of a Spiritual Guide<\/a> <a title=\"Health Benefits\" href=\"https:\/\/www.sos.org\/fr\/frequently-asked-questions\/benefits-of-meditation-2\/\">Health Benefits<\/a> <a title=\"Healthy Living\" href=\"https:\/\/www.sos.org\/healthy-living\/benefits-of-vegetarian-diet\/\">Healthy Living<\/a><\/p>\n<p>[\/et_pb_text][\/et_pb_column][et_pb_column type=\u00a0\u00bb1_4&Prime; _builder_version=\u00a0\u00bb4.16&Prime; custom_padding=\u00a0\u00bb|||\u00a0\u00bb global_colors_info=\u00a0\u00bb{}\u00a0\u00bb custom_padding__hover=\u00a0\u00bb|||\u00a0\u00bb][et_pb_text admin_label=\u00a0\u00bbAbout Us\u00a0\u00bb _builder_version=\u00a0\u00bb4.18.0&Prime; text_font=\u00a0\u00bbNunito|600|||||||\u00a0\u00bb text_text_color=\u00a0\u00bb#968743&Prime; text_font_size=\u00a0\u00bb17px\u00a0\u00bb header_font=\u00a0\u00bbNunito||||||||\u00a0\u00bb header_5_font=\u00a0\u00bbNunito|600|||||||\u00a0\u00bb header_6_font=\u00a0\u00bbNunito|600|||||||\u00a0\u00bb custom_margin=\u00a0\u00bb|||\u00a0\u00bb global_colors_info=\u00a0\u00bb{}\u00a0\u00bb]<\/p>\n<h3>ABOUT US<\/h3>\n<p><a title=\"Our Organization\" href=\"https:\/\/www.sos.org\/fr\/about-us\/\">Our Organization<\/a> <a title=\"International Meditation Center\" href=\"https:\/\/www.sos.org\/fr\/western-headquarters\/\">International Meditation Center<\/a><\/p>\n<p>[\/et_pb_text][\/et_pb_column][et_pb_column type=\u00a0\u00bb1_4&Prime; _builder_version=\u00a0\u00bb4.16&Prime; custom_padding=\u00a0\u00bb|||\u00a0\u00bb global_colors_info=\u00a0\u00bb{}\u00a0\u00bb custom_padding__hover=\u00a0\u00bb|||\u00a0\u00bb][et_pb_text admin_label=\u00a0\u00bbExplore\u00a0\u00bb _builder_version=\u00a0\u00bb4.18.0&Prime; text_font=\u00a0\u00bbNunito|600|||||||\u00a0\u00bb text_text_color=\u00a0\u00bb#968743&Prime; text_font_size=\u00a0\u00bb17px\u00a0\u00bb header_font=\u00a0\u00bbNunito||||||||\u00a0\u00bb header_5_font=\u00a0\u00bbNunito|600|||||||\u00a0\u00bb header_6_font=\u00a0\u00bbNunito|600|||||||\u00a0\u00bb global_colors_info=\u00a0\u00bb{}\u00a0\u00bb]<\/p>\n<h3>Explore<\/h3>\n<p><a title=\"Articles\" href=\"https:\/\/www.sos.org\/fr\/articles\/\">Articles<\/a> <a title=\"Videos\" href=\"https:\/\/www.sos.org\/fr\/videos-2\/\">Videos<\/a><\/p>\n<p>[\/et_pb_text][\/et_pb_column][et_pb_column type=\u00a0\u00bb1_4&Prime; _builder_version=\u00a0\u00bb4.16&Prime; custom_padding=\u00a0\u00bb|||\u00a0\u00bb global_colors_info=\u00a0\u00bb{}\u00a0\u00bb custom_padding__hover=\u00a0\u00bb|||\u00a0\u00bb][et_pb_text admin_label=\u00a0\u00bbMore\u00a0\u00bb _builder_version=\u00a0\u00bb4.23.2&Prime; text_font=\u00a0\u00bbNunito|600|||||||\u00a0\u00bb text_text_color=\u00a0\u00bb#968743&Prime; text_font_size=\u00a0\u00bb17px\u00a0\u00bb header_font=\u00a0\u00bbNunito||||||||\u00a0\u00bb header_5_font=\u00a0\u00bbNunito|600|||||||\u00a0\u00bb header_6_font=\u00a0\u00bbNunito|600|||||||\u00a0\u00bb global_colors_info=\u00a0\u00bb{}\u00a0\u00bb]<\/p>\n<h3>MORE<\/h3>\n<p><a title=\"Spiritual Guide\" href=\"https:\/\/www.sos.org\/fr\/spiritual-guide\/\">Spiritual Guide<\/a><\/p>\n<p><a title=\"Find Porgrams\" href=\"https:\/\/www.sos.org\/fr\/find-programs-2\/\">Find Programs<\/a><\/p>\n<p><a title=\"Connect\" href=\"https:\/\/www.sos.org\/fr\/contact-us-2\/\">Connect<\/a><\/p>\n<p><a title=\"Privacy Policy\" href=\"https:\/\/www.sos.org\/privacy-policy\/\">Privacy Policy<\/a>[\/et_pb_text][\/et_pb_column][\/et_pb_row][\/et_pb_section]<\/p>\n","protected":false},"excerpt":{"rendered":"<p>En m\u00e9ditant, nous r\u00e9alisons que Dieu est toute lumi\u00e8re. Nous r\u00e9alisons qu&rsquo;en tant qu&rsquo;\u00e2me, nous sommes \u00e9galement un rayon de la m\u00eame Lumi\u00e8re divine. Nous commen\u00e7ons \u00e0 voir que la m\u00eame lumi\u00e8re de Dieu qui est en nous est \u00e9galement dans tous les autres \u00eatres de la cr\u00e9ation.<\/p>\n","protected":false},"author":5,"featured_media":8046,"comment_status":"open","ping_status":"open","sticky":false,"template":"","format":"standard","meta":{"_acf_changed":false,"_et_pb_use_builder":"on","_et_pb_old_content":"","_et_gb_content_width":"","footnotes":""},"categories":[69,67,281,54,55,280],"tags":[237],"post_folder":[],"class_list":["post-14740","post","type-post","status-publish","format-standard","has-post-thumbnail","hentry","category-front-page-fr","category-front-page-blog-fr","category-personal-transformation","category-spiritual-guide-fr","category-spiritual-guide-blog-fr","category-webinar-series-fr","tag-ame"],"acf":[],"yoast_head":"<!-- This site is optimized with the Yoast SEO plugin v27.0 - https:\/\/yoast.com\/product\/yoast-seo-wordpress\/ -->\n<title>M\u00e9ditation et l&#039;unit\u00e9 humaine - Sant Rajinder Singh Ji Maharaj<\/title>\n<meta name=\"description\" content=\"La m\u00e9ditation conduit \u00e0 la paix int\u00e9rieure et ext\u00e9rieure, car nous nous sentons au niveau de l&#039;\u00e2me et nous voyons que toute la cr\u00e9ation fait partie de l&#039;unique famille de Dieu.\" \/>\n<meta name=\"robots\" content=\"index, follow, max-snippet:-1, max-image-preview:large, max-video-preview:-1\" \/>\n<link rel=\"canonical\" href=\"https:\/\/www.sos.org\/fr\/meditation-et-unite-humaine\/\" \/>\n<meta property=\"og:locale\" content=\"fr_FR\" \/>\n<meta property=\"og:type\" content=\"article\" \/>\n<meta property=\"og:title\" content=\"M\u00e9ditation et l&#039;unit\u00e9 humaine - Sant Rajinder Singh Ji Maharaj\" \/>\n<meta property=\"og:description\" content=\"La m\u00e9ditation conduit \u00e0 la paix int\u00e9rieure et ext\u00e9rieure, car nous nous sentons au niveau de l&#039;\u00e2me et nous voyons que toute la cr\u00e9ation fait partie de l&#039;unique famille de Dieu.\" \/>\n<meta property=\"og:url\" content=\"https:\/\/www.sos.org\/fr\/meditation-et-unite-humaine\/\" \/>\n<meta property=\"og:site_name\" content=\"Science of Spirituality\" \/>\n<meta property=\"article:publisher\" content=\"https:\/\/www.facebook.com\/SOS.Global\/\" \/>\n<meta property=\"article:published_time\" content=\"2019-05-03T21:22:39+00:00\" \/>\n<meta property=\"article:modified_time\" content=\"2024-12-02T10:19:29+00:00\" \/>\n<meta property=\"og:image\" content=\"https:\/\/www.sos.org\/wp-content\/uploads\/2019\/05\/Meditation-and-Human-Unity-icon.jpg\" \/>\n\t<meta property=\"og:image:width\" content=\"1091\" \/>\n\t<meta property=\"og:image:height\" content=\"633\" \/>\n\t<meta property=\"og:image:type\" content=\"image\/jpeg\" \/>\n<meta name=\"author\" content=\"Sheila Rogers DeMare\" \/>\n<meta name=\"twitter:card\" content=\"summary_large_image\" \/>\n<meta name=\"twitter:creator\" content=\"@sosmeditate\" \/>\n<meta name=\"twitter:site\" content=\"@sosmeditate\" \/>\n<meta name=\"twitter:label1\" content=\"\u00c9crit par\" \/>\n\t<meta name=\"twitter:data1\" content=\"Sheila Rogers DeMare\" \/>\n\t<meta name=\"twitter:label2\" content=\"Dur\u00e9e de lecture estim\u00e9e\" \/>\n\t<meta name=\"twitter:data2\" content=\"6 minutes\" \/>\n<script type=\"application\/ld+json\" class=\"yoast-schema-graph\">{\"@context\":\"https:\/\/schema.org\",\"@graph\":[{\"@type\":\"Article\",\"@id\":\"https:\/\/www.sos.org\/fr\/meditation-et-unite-humaine\/#article\",\"isPartOf\":{\"@id\":\"https:\/\/www.sos.org\/fr\/meditation-et-unite-humaine\/\"},\"author\":{\"name\":\"Sheila Rogers DeMare\",\"@id\":\"https:\/\/www.sos.org\/fr\/#\/schema\/person\/8b2af1246c594189c1aa51d73aecfc74\"},\"headline\":\"La m\u00e9ditation et l\u2019unit\u00e9 humaine\",\"datePublished\":\"2019-05-03T21:22:39+00:00\",\"dateModified\":\"2024-12-02T10:19:29+00:00\",\"mainEntityOfPage\":{\"@id\":\"https:\/\/www.sos.org\/fr\/meditation-et-unite-humaine\/\"},\"wordCount\":1237,\"commentCount\":0,\"publisher\":{\"@id\":\"https:\/\/www.sos.org\/fr\/#organization\"},\"image\":{\"@id\":\"https:\/\/www.sos.org\/fr\/meditation-et-unite-humaine\/#primaryimage\"},\"thumbnailUrl\":\"https:\/\/www.sos.org\/wp-content\/uploads\/2019\/05\/Meditation-and-Human-Unity-icon.jpg\",\"keywords\":[\"\u00e2me\"],\"articleSection\":[\"Front Page\",\"Front Page &#8211; Blog\",\"Personal Transformation\",\"Spiritual Guide\",\"Spiritual Guide &#8211; Blog\",\"Webinar Series\"],\"inLanguage\":\"fr-FR\",\"potentialAction\":[{\"@type\":\"CommentAction\",\"name\":\"Comment\",\"target\":[\"https:\/\/www.sos.org\/fr\/meditation-et-unite-humaine\/#respond\"]}]},{\"@type\":\"WebPage\",\"@id\":\"https:\/\/www.sos.org\/fr\/meditation-et-unite-humaine\/\",\"url\":\"https:\/\/www.sos.org\/fr\/meditation-et-unite-humaine\/\",\"name\":\"M\u00e9ditation et l'unit\u00e9 humaine - Sant Rajinder Singh Ji Maharaj\",\"isPartOf\":{\"@id\":\"https:\/\/www.sos.org\/fr\/#website\"},\"primaryImageOfPage\":{\"@id\":\"https:\/\/www.sos.org\/fr\/meditation-et-unite-humaine\/#primaryimage\"},\"image\":{\"@id\":\"https:\/\/www.sos.org\/fr\/meditation-et-unite-humaine\/#primaryimage\"},\"thumbnailUrl\":\"https:\/\/www.sos.org\/wp-content\/uploads\/2019\/05\/Meditation-and-Human-Unity-icon.jpg\",\"datePublished\":\"2019-05-03T21:22:39+00:00\",\"dateModified\":\"2024-12-02T10:19:29+00:00\",\"description\":\"La m\u00e9ditation conduit \u00e0 la paix int\u00e9rieure et ext\u00e9rieure, car nous nous sentons au niveau de l'\u00e2me et nous voyons que toute la cr\u00e9ation fait partie de l'unique famille de Dieu.\",\"breadcrumb\":{\"@id\":\"https:\/\/www.sos.org\/fr\/meditation-et-unite-humaine\/#breadcrumb\"},\"inLanguage\":\"fr-FR\",\"potentialAction\":[{\"@type\":\"ReadAction\",\"target\":[\"https:\/\/www.sos.org\/fr\/meditation-et-unite-humaine\/\"]}]},{\"@type\":\"ImageObject\",\"inLanguage\":\"fr-FR\",\"@id\":\"https:\/\/www.sos.org\/fr\/meditation-et-unite-humaine\/#primaryimage\",\"url\":\"https:\/\/www.sos.org\/wp-content\/uploads\/2019\/05\/Meditation-and-Human-Unity-icon.jpg\",\"contentUrl\":\"https:\/\/www.sos.org\/wp-content\/uploads\/2019\/05\/Meditation-and-Human-Unity-icon.jpg\",\"width\":1091,\"height\":633,\"caption\":\"spiritual zen meditation background in Japanese rock garden concept for harmony balance simplicity sand and pebble tao or Buddhism\"},{\"@type\":\"BreadcrumbList\",\"@id\":\"https:\/\/www.sos.org\/fr\/meditation-et-unite-humaine\/#breadcrumb\",\"itemListElement\":[{\"@type\":\"ListItem\",\"position\":1,\"name\":\"Home\",\"item\":\"https:\/\/www.sos.org\/fr\/\"},{\"@type\":\"ListItem\",\"position\":2,\"name\":\"La m\u00e9ditation et l\u2019unit\u00e9 humaine\"}]},{\"@type\":\"WebSite\",\"@id\":\"https:\/\/www.sos.org\/fr\/#website\",\"url\":\"https:\/\/www.sos.org\/fr\/\",\"name\":\"Science of Spirituality\",\"description\":\"SOS\",\"publisher\":{\"@id\":\"https:\/\/www.sos.org\/fr\/#organization\"},\"potentialAction\":[{\"@type\":\"SearchAction\",\"target\":{\"@type\":\"EntryPoint\",\"urlTemplate\":\"https:\/\/www.sos.org\/fr\/?s={search_term_string}\"},\"query-input\":{\"@type\":\"PropertyValueSpecification\",\"valueRequired\":true,\"valueName\":\"search_term_string\"}}],\"inLanguage\":\"fr-FR\"},{\"@type\":\"Organization\",\"@id\":\"https:\/\/www.sos.org\/fr\/#organization\",\"name\":\"Science of Sprituality\",\"url\":\"https:\/\/www.sos.org\/fr\/\",\"logo\":{\"@type\":\"ImageObject\",\"inLanguage\":\"fr-FR\",\"@id\":\"https:\/\/www.sos.org\/fr\/#\/schema\/logo\/image\/\",\"url\":\"https:\/\/www.sos.org\/wp-content\/uploads\/2020\/01\/sos_logo.png\",\"contentUrl\":\"https:\/\/www.sos.org\/wp-content\/uploads\/2020\/01\/sos_logo.png\",\"width\":153,\"height\":109,\"caption\":\"Science of Sprituality\"},\"image\":{\"@id\":\"https:\/\/www.sos.org\/fr\/#\/schema\/logo\/image\/\"},\"sameAs\":[\"https:\/\/www.facebook.com\/SOS.Global\/\",\"https:\/\/x.com\/sosmeditate\",\"https:\/\/www.instagram.com\/science.of.spirituality\/\",\"https:\/\/www.youtube.com\/c\/SantRajinderSinghJiMaharaj\",\"https:\/\/en.wikipedia.org\/wiki\/Science_of_Spirituality\"]},{\"@type\":\"Person\",\"@id\":\"https:\/\/www.sos.org\/fr\/#\/schema\/person\/8b2af1246c594189c1aa51d73aecfc74\",\"name\":\"Sheila Rogers DeMare\",\"image\":{\"@type\":\"ImageObject\",\"inLanguage\":\"fr-FR\",\"@id\":\"https:\/\/www.sos.org\/fr\/#\/schema\/person\/image\/\",\"url\":\"https:\/\/secure.gravatar.com\/avatar\/e90023a269b2838cba4719e0d709cd25c88a5cc48d3f398b85cc295d3522b337?s=96&d=mm&r=g\",\"contentUrl\":\"https:\/\/secure.gravatar.com\/avatar\/e90023a269b2838cba4719e0d709cd25c88a5cc48d3f398b85cc295d3522b337?s=96&d=mm&r=g\",\"caption\":\"Sheila Rogers DeMare\"},\"url\":\"https:\/\/www.sos.org\/fr\/author\/sheilar\/\"}]}<\/script>\n<!-- \/ Yoast SEO plugin. -->","yoast_head_json":{"title":"M\u00e9ditation et l'unit\u00e9 humaine - Sant Rajinder Singh Ji Maharaj","description":"La m\u00e9ditation conduit \u00e0 la paix int\u00e9rieure et ext\u00e9rieure, car nous nous sentons au niveau de l'\u00e2me et nous voyons que toute la cr\u00e9ation fait partie de l'unique famille de Dieu.","robots":{"index":"index","follow":"follow","max-snippet":"max-snippet:-1","max-image-preview":"max-image-preview:large","max-video-preview":"max-video-preview:-1"},"canonical":"https:\/\/www.sos.org\/fr\/meditation-et-unite-humaine\/","og_locale":"fr_FR","og_type":"article","og_title":"M\u00e9ditation et l'unit\u00e9 humaine - Sant Rajinder Singh Ji Maharaj","og_description":"La m\u00e9ditation conduit \u00e0 la paix int\u00e9rieure et ext\u00e9rieure, car nous nous sentons au niveau de l'\u00e2me et nous voyons que toute la cr\u00e9ation fait partie de l'unique famille de Dieu.","og_url":"https:\/\/www.sos.org\/fr\/meditation-et-unite-humaine\/","og_site_name":"Science of Spirituality","article_publisher":"https:\/\/www.facebook.com\/SOS.Global\/","article_published_time":"2019-05-03T21:22:39+00:00","article_modified_time":"2024-12-02T10:19:29+00:00","og_image":[{"width":1091,"height":633,"url":"https:\/\/www.sos.org\/wp-content\/uploads\/2019\/05\/Meditation-and-Human-Unity-icon.jpg","type":"image\/jpeg"}],"author":"Sheila Rogers DeMare","twitter_card":"summary_large_image","twitter_creator":"@sosmeditate","twitter_site":"@sosmeditate","twitter_misc":{"\u00c9crit par":"Sheila Rogers DeMare","Dur\u00e9e de lecture estim\u00e9e":"6 minutes"},"schema":{"@context":"https:\/\/schema.org","@graph":[{"@type":"Article","@id":"https:\/\/www.sos.org\/fr\/meditation-et-unite-humaine\/#article","isPartOf":{"@id":"https:\/\/www.sos.org\/fr\/meditation-et-unite-humaine\/"},"author":{"name":"Sheila Rogers DeMare","@id":"https:\/\/www.sos.org\/fr\/#\/schema\/person\/8b2af1246c594189c1aa51d73aecfc74"},"headline":"La m\u00e9ditation et l\u2019unit\u00e9 humaine","datePublished":"2019-05-03T21:22:39+00:00","dateModified":"2024-12-02T10:19:29+00:00","mainEntityOfPage":{"@id":"https:\/\/www.sos.org\/fr\/meditation-et-unite-humaine\/"},"wordCount":1237,"commentCount":0,"publisher":{"@id":"https:\/\/www.sos.org\/fr\/#organization"},"image":{"@id":"https:\/\/www.sos.org\/fr\/meditation-et-unite-humaine\/#primaryimage"},"thumbnailUrl":"https:\/\/www.sos.org\/wp-content\/uploads\/2019\/05\/Meditation-and-Human-Unity-icon.jpg","keywords":["\u00e2me"],"articleSection":["Front Page","Front Page &#8211; Blog","Personal Transformation","Spiritual Guide","Spiritual Guide &#8211; Blog","Webinar Series"],"inLanguage":"fr-FR","potentialAction":[{"@type":"CommentAction","name":"Comment","target":["https:\/\/www.sos.org\/fr\/meditation-et-unite-humaine\/#respond"]}]},{"@type":"WebPage","@id":"https:\/\/www.sos.org\/fr\/meditation-et-unite-humaine\/","url":"https:\/\/www.sos.org\/fr\/meditation-et-unite-humaine\/","name":"M\u00e9ditation et l'unit\u00e9 humaine - Sant Rajinder Singh Ji Maharaj","isPartOf":{"@id":"https:\/\/www.sos.org\/fr\/#website"},"primaryImageOfPage":{"@id":"https:\/\/www.sos.org\/fr\/meditation-et-unite-humaine\/#primaryimage"},"image":{"@id":"https:\/\/www.sos.org\/fr\/meditation-et-unite-humaine\/#primaryimage"},"thumbnailUrl":"https:\/\/www.sos.org\/wp-content\/uploads\/2019\/05\/Meditation-and-Human-Unity-icon.jpg","datePublished":"2019-05-03T21:22:39+00:00","dateModified":"2024-12-02T10:19:29+00:00","description":"La m\u00e9ditation conduit \u00e0 la paix int\u00e9rieure et ext\u00e9rieure, car nous nous sentons au niveau de l'\u00e2me et nous voyons que toute la cr\u00e9ation fait partie de l'unique famille de Dieu.","breadcrumb":{"@id":"https:\/\/www.sos.org\/fr\/meditation-et-unite-humaine\/#breadcrumb"},"inLanguage":"fr-FR","potentialAction":[{"@type":"ReadAction","target":["https:\/\/www.sos.org\/fr\/meditation-et-unite-humaine\/"]}]},{"@type":"ImageObject","inLanguage":"fr-FR","@id":"https:\/\/www.sos.org\/fr\/meditation-et-unite-humaine\/#primaryimage","url":"https:\/\/www.sos.org\/wp-content\/uploads\/2019\/05\/Meditation-and-Human-Unity-icon.jpg","contentUrl":"https:\/\/www.sos.org\/wp-content\/uploads\/2019\/05\/Meditation-and-Human-Unity-icon.jpg","width":1091,"height":633,"caption":"spiritual zen meditation background in Japanese rock garden concept for harmony balance simplicity sand and pebble tao or Buddhism"},{"@type":"BreadcrumbList","@id":"https:\/\/www.sos.org\/fr\/meditation-et-unite-humaine\/#breadcrumb","itemListElement":[{"@type":"ListItem","position":1,"name":"Home","item":"https:\/\/www.sos.org\/fr\/"},{"@type":"ListItem","position":2,"name":"La m\u00e9ditation et l\u2019unit\u00e9 humaine"}]},{"@type":"WebSite","@id":"https:\/\/www.sos.org\/fr\/#website","url":"https:\/\/www.sos.org\/fr\/","name":"Science of Spirituality","description":"SOS","publisher":{"@id":"https:\/\/www.sos.org\/fr\/#organization"},"potentialAction":[{"@type":"SearchAction","target":{"@type":"EntryPoint","urlTemplate":"https:\/\/www.sos.org\/fr\/?s={search_term_string}"},"query-input":{"@type":"PropertyValueSpecification","valueRequired":true,"valueName":"search_term_string"}}],"inLanguage":"fr-FR"},{"@type":"Organization","@id":"https:\/\/www.sos.org\/fr\/#organization","name":"Science of Sprituality","url":"https:\/\/www.sos.org\/fr\/","logo":{"@type":"ImageObject","inLanguage":"fr-FR","@id":"https:\/\/www.sos.org\/fr\/#\/schema\/logo\/image\/","url":"https:\/\/www.sos.org\/wp-content\/uploads\/2020\/01\/sos_logo.png","contentUrl":"https:\/\/www.sos.org\/wp-content\/uploads\/2020\/01\/sos_logo.png","width":153,"height":109,"caption":"Science of Sprituality"},"image":{"@id":"https:\/\/www.sos.org\/fr\/#\/schema\/logo\/image\/"},"sameAs":["https:\/\/www.facebook.com\/SOS.Global\/","https:\/\/x.com\/sosmeditate","https:\/\/www.instagram.com\/science.of.spirituality\/","https:\/\/www.youtube.com\/c\/SantRajinderSinghJiMaharaj","https:\/\/en.wikipedia.org\/wiki\/Science_of_Spirituality"]},{"@type":"Person","@id":"https:\/\/www.sos.org\/fr\/#\/schema\/person\/8b2af1246c594189c1aa51d73aecfc74","name":"Sheila Rogers DeMare","image":{"@type":"ImageObject","inLanguage":"fr-FR","@id":"https:\/\/www.sos.org\/fr\/#\/schema\/person\/image\/","url":"https:\/\/secure.gravatar.com\/avatar\/e90023a269b2838cba4719e0d709cd25c88a5cc48d3f398b85cc295d3522b337?s=96&d=mm&r=g","contentUrl":"https:\/\/secure.gravatar.com\/avatar\/e90023a269b2838cba4719e0d709cd25c88a5cc48d3f398b85cc295d3522b337?s=96&d=mm&r=g","caption":"Sheila Rogers DeMare"},"url":"https:\/\/www.sos.org\/fr\/author\/sheilar\/"}]}},"_links":{"self":[{"href":"https:\/\/www.sos.org\/fr\/wp-json\/wp\/v2\/posts\/14740","targetHints":{"allow":["GET"]}}],"collection":[{"href":"https:\/\/www.sos.org\/fr\/wp-json\/wp\/v2\/posts"}],"about":[{"href":"https:\/\/www.sos.org\/fr\/wp-json\/wp\/v2\/types\/post"}],"author":[{"embeddable":true,"href":"https:\/\/www.sos.org\/fr\/wp-json\/wp\/v2\/users\/5"}],"replies":[{"embeddable":true,"href":"https:\/\/www.sos.org\/fr\/wp-json\/wp\/v2\/comments?post=14740"}],"version-history":[{"count":10,"href":"https:\/\/www.sos.org\/fr\/wp-json\/wp\/v2\/posts\/14740\/revisions"}],"predecessor-version":[{"id":249392,"href":"https:\/\/www.sos.org\/fr\/wp-json\/wp\/v2\/posts\/14740\/revisions\/249392"}],"wp:featuredmedia":[{"embeddable":true,"href":"https:\/\/www.sos.org\/fr\/wp-json\/wp\/v2\/media\/8046"}],"wp:attachment":[{"href":"https:\/\/www.sos.org\/fr\/wp-json\/wp\/v2\/media?parent=14740"}],"wp:term":[{"taxonomy":"category","embeddable":true,"href":"https:\/\/www.sos.org\/fr\/wp-json\/wp\/v2\/categories?post=14740"},{"taxonomy":"post_tag","embeddable":true,"href":"https:\/\/www.sos.org\/fr\/wp-json\/wp\/v2\/tags?post=14740"},{"taxonomy":"post_folder","embeddable":true,"href":"https:\/\/www.sos.org\/fr\/wp-json\/wp\/v2\/post_folder?post=14740"}],"curies":[{"name":"wp","href":"https:\/\/api.w.org\/{rel}","templated":true}]}}