{"id":14742,"date":"2019-04-26T17:17:00","date_gmt":"2019-04-26T22:17:00","guid":{"rendered":"https:\/\/www.sos.org\/pourquoi-etre-vegetarien\/"},"modified":"2024-12-02T04:02:37","modified_gmt":"2024-12-02T10:02:37","slug":"pourquoi-etre-vegetarien","status":"publish","type":"post","link":"https:\/\/www.sos.org\/fr\/pourquoi-etre-vegetarien\/","title":{"rendered":"Pourquoi devenir v\u00e9g\u00e9tarien ?"},"content":{"rendered":"<p>[et_pb_section fb_built=\u00a0\u00bb1&Prime; _builder_version=\u00a0\u00bb4.16&Prime; custom_padding=\u00a0\u00bb|||\u00a0\u00bb da_disable_devices=\u00a0\u00bboff|off|off\u00a0\u00bb global_colors_info=\u00a0\u00bb{}\u00a0\u00bb da_is_popup=\u00a0\u00bboff\u00a0\u00bb da_exit_intent=\u00a0\u00bboff\u00a0\u00bb da_has_close=\u00a0\u00bbon\u00a0\u00bb da_alt_close=\u00a0\u00bboff\u00a0\u00bb da_dark_close=\u00a0\u00bboff\u00a0\u00bb da_not_modal=\u00a0\u00bbon\u00a0\u00bb da_is_singular=\u00a0\u00bboff\u00a0\u00bb da_with_loader=\u00a0\u00bboff\u00a0\u00bb da_has_shadow=\u00a0\u00bbon\u00a0\u00bb][et_pb_row admin_label=\u00a0\u00bbRow\u00a0\u00bb _builder_version=\u00a0\u00bb4.16&Prime; custom_padding=\u00a0\u00bb27px|0px|0|0px|false|false\u00a0\u00bb global_colors_info=\u00a0\u00bb{}\u00a0\u00bb][et_pb_column type=\u00a0\u00bb4_4&Prime; _builder_version=\u00a0\u00bb4.16&Prime; custom_padding=\u00a0\u00bb|||\u00a0\u00bb global_colors_info=\u00a0\u00bb{}\u00a0\u00bb custom_padding__hover=\u00a0\u00bb|||\u00a0\u00bb][et_pb_text admin_label=\u00a0\u00bbtitle\u00a0\u00bb _builder_version=\u00a0\u00bb4.16&Prime; text_orientation=\u00a0\u00bbcenter\u00a0\u00bb custom_padding=\u00a0\u00bb||19px|||\u00a0\u00bb text_font_size_last_edited=\u00a0\u00bboff|desktop\u00a0\u00bb global_colors_info=\u00a0\u00bb{}\u00a0\u00bb]<\/p>\n<h1><strong><span style=\"vertical-align: inherit\"><span style=\"vertical-align: inherit\">Pourquoi v\u00e9g\u00e9tarien?<\/span><\/span><\/strong><\/h1>\n<h3>\u00a0<\/h3>\n<div class=\"ms-editor-squiggler\" style=\"color: initial;font: initial;writing-mode: initial;aspect-ratio: initial;background: initial;background-blend-mode: initial;border: initial;border-radius: initial;border-collapse: initial;box-shadow: initial;caption-side: initial;clear: initial;columns: initial;column-fill: initial;gap: initial;column-rule: initial;column-span: initial;cursor: initial;filter: initial;flex: initial;flex-flow: initial;float: initial;height: 0px;letter-spacing: initial;margin: initial;max-height: initial;max-width: initial;min-height: initial;min-width: initial;object-fit: initial;object-position: initial;overflow: initial;padding: initial;position: initial;text-align: initial;text-decoration: initial;text-indent: initial;text-transform: initial;vertical-align: initial;border-spacing: initial;width: initial;z-index: initial\">\u00a0<\/div>\n<p>[\/et_pb_text][et_pb_text admin_label=\u00a0\u00bbcontent\u00a0\u00bb module_class=\u00a0\u00bbsos-dropcap\u00a0\u00bb _builder_version=\u00a0\u00bb4.16&Prime; max_width=\u00a0\u00bb75%\u00a0\u00bb max_width_tablet=\u00a0\u00bb\u00a0\u00bb max_width_phone=\u00a0\u00bb\u00a0\u00bb max_width_last_edited=\u00a0\u00bbon|phone\u00a0\u00bb module_alignment=\u00a0\u00bbcenter\u00a0\u00bb custom_padding=\u00a0\u00bb26px|||||\u00a0\u00bb global_colors_info=\u00a0\u00bb{}\u00a0\u00bb]<\/p>\n<p><span style=\"vertical-align: inherit\"><span style=\"vertical-align: inherit\">Le r\u00e9gime alimentaire que nous avons choisi d&rsquo;adopter a des impacts sur tous les aspects de notre sant\u00e9 et des r\u00e9percussions sur notre environnement. Des gens d&rsquo;origines et de cultures diff\u00e9rentes ont fait le choix de devenir v\u00e9g\u00e9tariens ; ce qui a conduit ce r\u00e9gime alimentaire \u00e0 devenir de plus en plus courant. En fait, certaines sugg\u00e8rent que la question ne devrait plus \u00eatre : <\/span><\/span><em><span style=\"vertical-align: inherit\"><span style=\"vertical-align: inherit\">\u00ab Pourquoi \u00eates-vous v\u00e9g\u00e9tarien ou v\u00e9g\u00e9talien ?<\/span><\/span><\/em><span style=\"vertical-align: inherit\"><span style=\"vertical-align: inherit\"> mais plut\u00f4t : <\/span><\/span><em><span style=\"vertical-align: inherit\"><span style=\"vertical-align: inherit\">\u00ab\u00a0Pourquoi ne l&rsquo;\u00eates-vous pas ?\u00a0\u00bb<\/span><\/span><\/em><\/p>\n<p><span style=\"vertical-align: inherit\"><span style=\"vertical-align: inherit\">Des recherches ont \u00e9tabli un lien entre v\u00e9g\u00e9tarisme et long\u00e9vit\u00e9. Selon une \u00e9tude conduite par l&rsquo;universit\u00e9 de Loma Linda, les v\u00e9g\u00e9tariens et les v\u00e9g\u00e9taliens vivent environ et respectivement sept et quinze ans de plus que les mangeurs de viande <\/span><\/span><em><span style=\"vertical-align: inherit\"><span style=\"vertical-align: inherit\">(The Compassionate Diet).(\u00a0<a href=\"https:\/\/en.wikipedia.org\/wiki\/Adventist_Health_Studies\">Adventist Health Studies &#8211; Wikipedia<\/a>\u00a0)<\/span><\/span><\/em><\/p>\n<p><span style=\"vertical-align: inherit\"><span style=\"vertical-align: inherit\">Un r\u00e9gime alimentaire v\u00e9g\u00e9tarien ou v\u00e9g\u00e9talien, d\u00e8s qu&rsquo;il est compos\u00e9 d&rsquo;aliments complets et nourrissants, a un impact d\u00e9terminant sur la sant\u00e9. Pour s&rsquo;assurer d&rsquo;une bonne sant\u00e9, il ne suffit pas seulement de faire le choix d&rsquo;aliments qui ne contiennent pas de produits d&rsquo;origine animale. Apr\u00e8s tout, parmi les biscuits qui connaissent un grand succ\u00e8s certains sont v\u00e9g\u00e9taliens. D\u00e9cider de consommer des fruits et des l\u00e9gumes sera toujours un bien meilleur choix que celui qui consiste \u00e0 nous laisser aller \u00e0 nos envies de friandises. <\/span><\/span><\/p>\n<p><span style=\"vertical-align: inherit\"><span style=\"vertical-align: inherit\">En plus de pr\u00e9server notre sant\u00e9, l&rsquo;adoption du r\u00e9gime v\u00e9g\u00e9tarien a un effet positif sur notre environnement. Si nous voulons parvenir \u00e0 nourrir les 8 milliards d&rsquo;habitants qui compteront bient\u00f4t notre plan\u00e8te, il nous faut prot\u00e9ger nos ressources en eau, la qualit\u00e9 de notre air ainsi que les rapports qu&rsquo;entretiennent entre elles les diff\u00e9rentes esp\u00e8ces de vie.<\/span><\/span><\/p>\n<p><img loading=\"lazy\" decoding=\"async\" class=\"wp-image-5584 \" src=\"https:\/\/www.sos.org\/wp-content\/uploads\/2019\/04\/why-vegetarian-banner-900x245.jpg\" alt=\"Repas v\u00e9g\u00e9tarien\" width=\"1021\" height=\"278\" srcset=\"https:\/\/www.sos.org\/wp-content\/uploads\/2019\/04\/why-vegetarian-banner-900x245.jpg 900w, https:\/\/www.sos.org\/wp-content\/uploads\/2019\/04\/why-vegetarian-banner-768x209.jpg 768w, https:\/\/www.sos.org\/wp-content\/uploads\/2019\/04\/why-vegetarian-banner-1080x294.jpg 1080w, https:\/\/www.sos.org\/wp-content\/uploads\/2019\/04\/why-vegetarian-banner-610x166.jpg 610w, https:\/\/www.sos.org\/wp-content\/uploads\/2019\/04\/why-vegetarian-banner.jpg 1277w\" sizes=\"(max-width: 1021px) 100vw, 1021px\" \/> <strong><span style=\"vertical-align: inherit\"><span style=\"vertical-align: inherit\">Questions fr\u00e9quemment pos\u00e9es quant aux raisons pour lesquelles il convient de faire le choix d&rsquo;un r\u00e9gime alimentaire \u00e0 base d&rsquo;aliments complets et d&rsquo;origine v\u00e9g\u00e9tale : <\/span><\/span><\/strong><\/p>\n<p><strong> <em><span style=\"vertical-align: inherit\"><span style=\"vertical-align: inherit\">Est-il vrai qu&rsquo;en devenant v\u00e9g\u00e9tariens nous contribuerons \u00e0 limiter le r\u00e9chauffement de la plan\u00e8te ?<\/span><\/span><\/em><\/strong><\/p>\n<p><span style=\"vertical-align: inherit\"><span style=\"vertical-align: inherit\">Si nous ne changeons pas nos habitudes alimentaires ainsi que notre mode de vie, d&rsquo;ici \u00e0 2050, nous observerons une augmentation de pr\u00e8s de 51 % du niveau des marqueurs environnementaux que sont les \u00e9missions de gaz \u00e0 effet de serre et de gaz carbonique, une augmentation des temp\u00e9ratures et un bilan carbone accumul\u00e9 du fait de la production d&rsquo;aliments. <\/span><\/span><\/p>\n<p><span style=\"vertical-align: inherit\"><span style=\"vertical-align: inherit\">Ces pr\u00e9visions reposent sur les projections actuelles de croissance de la population mondiale et sur le fait que plus une population s&rsquo;enrichit plus les gens qui la composent ont tendance \u00e0 accro\u00eetre leur consommation de viande. Si, d&rsquo;ici \u00e0 2050, le monde se tournait vers des r\u00e9gimes alimentaires reposant moins sur la consommation de viande et davantage sur celle de l\u00e9gumes, de fruits et d&rsquo;autres aliments d&rsquo;origine v\u00e9g\u00e9tale, ce changement entra\u00eenerait une r\u00e9duction des deux- niveaux des \u00e9missions de gaz \u00e0 effet de serre li\u00e9s \u00e0 l&rsquo;alimentation.<\/span><\/span><\/p>\n<p><strong><em><span style=\"vertical-align: inherit\"><span style=\"vertical-align: inherit\">Quels bienfaits pour la sant\u00e9 \u00e0 la retraite du fait de devenir v\u00e9g\u00e9tarien ?<\/span><\/span><\/em><\/strong><\/p>\n<p><span style=\"vertical-align: inherit\"><span style=\"vertical-align: inherit\">Selon une publication de la facult\u00e9 de m\u00e9decine de Harvard : <\/span><\/span><em><span style=\"vertical-align: inherit\"><span style=\"vertical-align: inherit\">\u00ab Le r\u00e9gime \u00e0 base d&rsquo;aliments d&rsquo;origine v\u00e9g\u00e9tale peut non seulement satisfaire nos besoins nutritionnels mais \u00e9galement r\u00e9duire le risque de survie d&rsquo;un grand nombre de maladies chroniques \u00bb<\/span><\/span><\/em><span style=\"vertical-align: inherit\"><span style=\"vertical-align: inherit\"> (Harvard Health, 4 d\u00e9cembre 2017). Dans l&rsquo;une des plus importantes \u00e9tudes r\u00e9alis\u00e9es sur la question, qui a elle-m\u00eame compil\u00e9es les donn\u00e9es provenant de cinq autres \u00e9tudes participantes ont particip\u00e9 plus de 76 000 personnes, il est affirm\u00e9 que les v\u00e9g\u00e9tariens ont 25 % moins de chances de mourir d &lsquo;une maladie du c\u0153ur. En outre, des recherches semblent indiquer qu&rsquo;un r\u00e9gime alimentaire compos\u00e9 principalement d&rsquo;aliments d&rsquo;origine v\u00e9g\u00e9tale conduirait \u00e0 r\u00e9duire de 50 % le risque d&rsquo;\u00eatre atteint par un diab\u00e8te de type 2.<\/span><\/span><\/p>\n<p><span style=\"vertical-align: inherit\"><span style=\"vertical-align: inherit\"> Le r\u00e9gime alimentaire v\u00e9g\u00e9tarien est incontestablement bien meilleur pour la sant\u00e9 que le r\u00e9gime alimentaire am\u00e9ricain ordinaire. Les v\u00e9g\u00e9taux ont une faible teneur en acides gras satur\u00e9s et contiennent une grande quantit\u00e9 de vitamines et de min\u00e9raux essentiels n\u00e9cessaires \u00e0 un \u00e9tat de sant\u00e9 optimal. De nombreuses \u00e9tudes ont \u00e9galement d\u00e9montr\u00e9 qu&rsquo;un r\u00e9gime \u00e0 base d&rsquo;aliments d&rsquo;origine v\u00e9g\u00e9tale est susceptible de diminuer les risques de voir atteint par un cancer, la maladie d&rsquo;Alzheimer, une maladie du c\u0153ur, de l&rsquo;hypertension art\u00e9rielle et un diab\u00e8te de type 2. <\/span><\/span><\/p>\n<p><strong><em><span style=\"vertical-align: inherit\"><span style=\"vertical-align: inherit\">En quoi le fait de devenir v\u00e9g\u00e9tarien contribue-t-il \u00e0 une bonne sant\u00e9 mentale et \u00e9motionnelle ?<\/span><\/span><\/em><\/strong><\/p>\n<p><span style=\"vertical-align: inherit\"><span style=\"vertical-align: inherit\"> Le r\u00e9gime alimentaire v\u00e9g\u00e9tarien \u00e0 un effet apaisant ; il am\u00e9liore notre \u00e9tat de sant\u00e9 mentale et \u00e9motionnelle. Deux \u00e9tudes publi\u00e9es en 2010 et en 2012 dans le <\/span><\/span><em><span style=\"vertical-align: inherit\"><span style=\"vertical-align: inherit\">\u00ab Nutritional journal \u00bb<\/span><\/span><\/em><span style=\"vertical-align: inherit\"><span style=\"vertical-align: inherit\"> rapportent que, apr\u00e8s deux semaines, les personnes qui mangeaient habituellement de la viande et du poulet chaque jour \u00e9taient, d\u00e8s lors qu&rsquo;elles adoptaient un r\u00e9gime alimentaire v\u00e9g\u00e9tarien, de meilleure humeur. et moins stress\u00e9es. <\/span><\/span><\/p>\n<p><span style=\"vertical-align: inherit\"><span style=\"vertical-align: inherit\">Une \u00e9tude portant sur la sant\u00e9 mentale et l&rsquo;humeur des v\u00e9g\u00e9tariens et des consommateurs de viande a \u00e9t\u00e9 publi\u00e9e dans le <\/span><\/span><em><span style=\"vertical-align: inherit\"><span style=\"vertical-align: inherit\">\u00ab Nutritional journal \u00bb<\/span><\/span><\/em><span style=\"vertical-align: inherit\"><span style=\"vertical-align: inherit\"> . Selon elle, les v\u00e9g\u00e9tariens pr\u00e9sentent un profil d&rsquo;humeur plus saine et sont moins susceptibles de souffrir de d\u00e9pression que les personnes qui consomment de la viande. <\/span><\/span><\/p>\n<p><em>Pour en savoir plus <a href=\"https:\/\/veggiefestchicago.org\/why-vegetarian\/\">VeggieFestChicago.com<\/a><\/em><\/p>\n<p>[\/et_pb_text][\/et_pb_column][\/et_pb_row][\/et_pb_section][et_pb_section fb_built=\u00a0\u00bb1&Prime; module_id=\u00a0\u00bbsos-learn-more-footer\u00a0\u00bb module_class=\u00a0\u00bbsos-marble-bg sos-highlight-section\u00a0\u00bb _builder_version=\u00a0\u00bb4.6.5&Prime; custom_padding=\u00a0\u00bb50px|0px|54px|0px|false|false\u00a0\u00bb da_disable_devices=\u00a0\u00bboff|off|off\u00a0\u00bb box_shadow_style=\u00a0\u00bbpreset1&Prime; global_module=\u00a0\u00bb537&Prime; global_colors_info=\u00a0\u00bb{}\u00a0\u00bb da_is_popup=\u00a0\u00bboff\u00a0\u00bb da_exit_intent=\u00a0\u00bboff\u00a0\u00bb da_has_close=\u00a0\u00bbon\u00a0\u00bb da_alt_close=\u00a0\u00bboff\u00a0\u00bb da_dark_close=\u00a0\u00bboff\u00a0\u00bb da_not_modal=\u00a0\u00bbon\u00a0\u00bb da_is_singular=\u00a0\u00bboff\u00a0\u00bb da_with_loader=\u00a0\u00bboff\u00a0\u00bb da_has_shadow=\u00a0\u00bbon\u00a0\u00bb][et_pb_row make_equal=\u00a0\u00bbon\u00a0\u00bb _builder_version=\u00a0\u00bb4.16&Prime; max_width=\u00a0\u00bb89%\u00a0\u00bb custom_padding=\u00a0\u00bb0|0px|27px|0px|false|false\u00a0\u00bb global_colors_info=\u00a0\u00bb{}\u00a0\u00bb][et_pb_column type=\u00a0\u00bb4_4&Prime; _builder_version=\u00a0\u00bb4.16&Prime; custom_padding=\u00a0\u00bb|||\u00a0\u00bb global_colors_info=\u00a0\u00bb{}\u00a0\u00bb custom_padding__hover=\u00a0\u00bb|||\u00a0\u00bb][et_pb_text _builder_version=\u00a0\u00bb4.16&Prime; global_colors_info=\u00a0\u00bb{}\u00a0\u00bb]<\/p>\n<h1 class=\"center-text font-size-8\"><span style=\"vertical-align: inherit\"><span style=\"vertical-align: inherit\">Vous voulez en savoir plus ?<\/span><\/span><\/h1>\n<p>[\/et_pb_text][et_pb_blog fullwidth=\u00a0\u00bboff\u00a0\u00bb posts_number=\u00a0\u00bb6&Prime; include_categories=\u00a0\u00bb30&Prime; show_more=\u00a0\u00bbon\u00a0\u00bb show_author=\u00a0\u00bboff\u00a0\u00bb show_date=\u00a0\u00bboff\u00a0\u00bb show_categories=\u00a0\u00bboff\u00a0\u00bb show_pagination=\u00a0\u00bboff\u00a0\u00bb use_overlay=\u00a0\u00bbon\u00a0\u00bb overlay_icon_color=\u00a0\u00bb#ffffff\u00a0\u00bb hover_overlay_color=\u00a0\u00bbrgba(229,222,216,0.4)\u00a0\u00bb hover_icon=\u00a0\u00bb&#x39;||divi||400&Prime; masonry_tile_background_color=\u00a0\u00bb#ffffff\u00a0\u00bb admin_label=\u00a0\u00bbSpiritual Growth Blog + Video Stream\u00a0\u00bb module_class=\u00a0\u00bbsos-article-grid\u00a0\u00bb _builder_version=\u00a0\u00bb4.16&Prime; text_orientation=\u00a0\u00bbleft\u00a0\u00bb global_colors_info=\u00a0\u00bb{}\u00a0\u00bb]<\/p>\n<p>\u00a0<\/p>\n<p>[\/et_pb_blog][\/et_pb_column][\/et_pb_row][\/et_pb_section][et_pb_section fb_built=\u00a0\u00bb1&Prime; disabled_on=\u00a0\u00bbon|off|off\u00a0\u00bb admin_label=\u00a0\u00bbPage Footer\u00a0\u00bb _builder_version=\u00a0\u00bb4.16&Prime; background_color=\u00a0\u00bb#e1b93b\u00a0\u00bb background_image=\u00a0\u00bbhttps:\/\/www.sos.org\/wp-content\/uploads\/2018\/07\/footer-08.jpg\u00a0\u00bb background_enable_image=\u00a0\u00bboff\u00a0\u00bb width=\u00a0\u00bb100%\u00a0\u00bb custom_padding=\u00a0\u00bb35px|0px|35px|0px|false|false\u00a0\u00bb da_disable_devices=\u00a0\u00bboff|off|off\u00a0\u00bb global_module=\u00a0\u00bb403&Prime; saved_tabs=\u00a0\u00bball\u00a0\u00bb locked=\u00a0\u00bboff\u00a0\u00bb collapsed=\u00a0\u00bboff\u00a0\u00bb global_colors_info=\u00a0\u00bb{}\u00a0\u00bb da_is_popup=\u00a0\u00bboff\u00a0\u00bb da_exit_intent=\u00a0\u00bboff\u00a0\u00bb da_has_close=\u00a0\u00bbon\u00a0\u00bb da_alt_close=\u00a0\u00bboff\u00a0\u00bb da_dark_close=\u00a0\u00bboff\u00a0\u00bb da_not_modal=\u00a0\u00bbon\u00a0\u00bb da_is_singular=\u00a0\u00bboff\u00a0\u00bb da_with_loader=\u00a0\u00bboff\u00a0\u00bb da_has_shadow=\u00a0\u00bbon\u00a0\u00bb][et_pb_row column_structure=\u00a0\u00bb1_4,1_4,1_4,1_4&Prime; make_equal=\u00a0\u00bbon\u00a0\u00bb module_class=\u00a0\u00bbsos-expanded-footer\u00a0\u00bb _builder_version=\u00a0\u00bb4.16&Prime; global_colors_info=\u00a0\u00bb{}\u00a0\u00bb][et_pb_column type=\u00a0\u00bb1_4&Prime; _builder_version=\u00a0\u00bb4.16&Prime; custom_padding=\u00a0\u00bb|||\u00a0\u00bb global_colors_info=\u00a0\u00bb{}\u00a0\u00bb custom_padding__hover=\u00a0\u00bb|||\u00a0\u00bb][et_pb_text admin_label=\u00a0\u00bbMeditation\u00a0\u00bb _builder_version=\u00a0\u00bb4.16&Prime; text_font=\u00a0\u00bbNunito|600|||||||\u00a0\u00bb text_text_color=\u00a0\u00bb#968743&Prime; text_font_size=\u00a0\u00bb13px\u00a0\u00bb header_font=\u00a0\u00bbNunito||||||||\u00a0\u00bb header_5_font=\u00a0\u00bbNunito|600|||||||\u00a0\u00bb header_6_font=\u00a0\u00bbNunito|600|||||||\u00a0\u00bb global_colors_info=\u00a0\u00bb{}\u00a0\u00bb]<\/p>\n<h3>MEDITATION<\/h3>\n<p><a title=\"Spiritual Growth\" href=\"https:\/\/www.sos.org\/fr\/spiritual-growth\/\">Spiritual Growth<\/a><\/p>\n<p><a title=\"Benefits of a Spiritual Guide\" href=\"https:\/\/www.sos.org\/fr\/spiritual-guide\/\">Benefits of a Spiritual Guide<\/a><\/p>\n<p><a title=\"Health Benefits\" href=\"https:\/\/www.sos.org\/fr\/frequently-asked-questions\/benefits-of-meditation-2\/\">Health Benefits<\/a><\/p>\n<p><a title=\"Healthy Living\" href=\"https:\/\/www.sos.org\/healthy-living\/benefits-of-vegetarian-diet\/\">Healthy Living<\/a>[\/et_pb_text][\/et_pb_column][et_pb_column type=\u00a0\u00bb1_4&Prime; _builder_version=\u00a0\u00bb4.16&Prime; custom_padding=\u00a0\u00bb|||\u00a0\u00bb global_colors_info=\u00a0\u00bb{}\u00a0\u00bb custom_padding__hover=\u00a0\u00bb|||\u00a0\u00bb][et_pb_text admin_label=\u00a0\u00bbAbout Us\u00a0\u00bb _builder_version=\u00a0\u00bb4.18.0&Prime; text_font=\u00a0\u00bbNunito|600|||||||\u00a0\u00bb text_text_color=\u00a0\u00bb#968743&Prime; text_font_size=\u00a0\u00bb17px\u00a0\u00bb header_font=\u00a0\u00bbNunito||||||||\u00a0\u00bb header_5_font=\u00a0\u00bbNunito|600|||||||\u00a0\u00bb header_6_font=\u00a0\u00bbNunito|600|||||||\u00a0\u00bb custom_margin=\u00a0\u00bb|||\u00a0\u00bb global_colors_info=\u00a0\u00bb{}\u00a0\u00bb]<\/p>\n<h3>ABOUT US<\/h3>\n<p><a title=\"Our Organization\" href=\"https:\/\/www.sos.org\/fr\/about-us\/\">Our Organization<\/a><\/p>\n<p><a title=\"International Meditation Center\" href=\"https:\/\/www.sos.org\/fr\/western-headquarters\/\">International Meditation Center<\/a>[\/et_pb_text][\/et_pb_column][et_pb_column type=\u00a0\u00bb1_4&Prime; _builder_version=\u00a0\u00bb4.16&Prime; custom_padding=\u00a0\u00bb|||\u00a0\u00bb global_colors_info=\u00a0\u00bb{}\u00a0\u00bb custom_padding__hover=\u00a0\u00bb|||\u00a0\u00bb][et_pb_text admin_label=\u00a0\u00bbExplore\u00a0\u00bb _builder_version=\u00a0\u00bb4.18.0&Prime; text_font=\u00a0\u00bbNunito|600|||||||\u00a0\u00bb text_text_color=\u00a0\u00bb#968743&Prime; text_font_size=\u00a0\u00bb17px\u00a0\u00bb header_font=\u00a0\u00bbNunito||||||||\u00a0\u00bb header_5_font=\u00a0\u00bbNunito|600|||||||\u00a0\u00bb header_6_font=\u00a0\u00bbNunito|600|||||||\u00a0\u00bb global_colors_info=\u00a0\u00bb{}\u00a0\u00bb]<\/p>\n<h3>EXPLORE<\/h3>\n<p><a title=\"Articles\" href=\"https:\/\/www.sos.org\/fr\/articles-2\/\">Articles<\/a><\/p>\n<p><a title=\"Videos\" href=\"https:\/\/www.sos.org\/fr\/videos-2\/\">Videos<\/a>[\/et_pb_text][\/et_pb_column][et_pb_column type=\u00a0\u00bb1_4&Prime; _builder_version=\u00a0\u00bb4.16&Prime; custom_padding=\u00a0\u00bb|||\u00a0\u00bb global_colors_info=\u00a0\u00bb{}\u00a0\u00bb custom_padding__hover=\u00a0\u00bb|||\u00a0\u00bb][et_pb_text admin_label=\u00a0\u00bbMore\u00a0\u00bb _builder_version=\u00a0\u00bb4.23.2&Prime; text_font=\u00a0\u00bbNunito|600|||||||\u00a0\u00bb text_text_color=\u00a0\u00bb#968743&Prime; text_font_size=\u00a0\u00bb17px\u00a0\u00bb header_font=\u00a0\u00bbNunito||||||||\u00a0\u00bb header_5_font=\u00a0\u00bbNunito|600|||||||\u00a0\u00bb header_6_font=\u00a0\u00bbNunito|600|||||||\u00a0\u00bb global_colors_info=\u00a0\u00bb{}\u00a0\u00bb]<\/p>\n<h3>MORE<\/h3>\n<p><a title=\"Spiritual Guide\" href=\"https:\/\/www.sos.org\/fr\/spiritual-guide\/\">Spiritual Guide<\/a><\/p>\n<p><a title=\"Find Porgrams\" href=\"https:\/\/www.sos.org\/fr\/find-programs-2\/\">Find Programs<\/a><\/p>\n<p><a title=\"Connect\" href=\"https:\/\/www.sos.org\/fr\/contact-us-2\/\">Connect<\/a><\/p>\n<p><a title=\"Privacy Policy\" href=\"https:\/\/www.sos.org\/privacy-policy\/\">Privacy Policy<\/a>[\/et_pb_text][\/et_pb_column][\/et_pb_row][\/et_pb_section]<\/p>\n","protected":false},"excerpt":{"rendered":"<p>Le r\u00e9gime alimentaire que nous choisissons d\u2019adopter \u00e0 des impacts sur tous les aspects de notre sant\u00e9 et des r\u00e9percussions sur notre environnement. Des gens d\u2019origines et de cultures diff\u00e9rentes ont fait le choix de devenir v\u00e9g\u00e9tariens ; ce qui a conduit ce r\u00e9gime alimentaire \u00e0 devenir de plus en plus courant. En fait, certains sugg\u00e8rent que la question ne devrait plus \u00eatre : \u201cPourquoi \u00eates-vous v\u00e9g\u00e9tarien ou v\u00e9g\u00e9talien ?\u201d mais plut\u00f4t : \u201cPourquoi ne l\u2019\u00eates-vous pas ?\u201d<\/p>\n","protected":false},"author":6,"featured_media":5600,"comment_status":"open","ping_status":"open","sticky":false,"template":"","format":"standard","meta":{"_acf_changed":false,"_et_pb_use_builder":"on","_et_pb_old_content":"","_et_gb_content_width":"","footnotes":""},"categories":[69,67,57,58],"tags":[237],"post_folder":[],"class_list":["post-14742","post","type-post","status-publish","format-standard","has-post-thumbnail","hentry","category-front-page-fr","category-front-page-blog-fr","category-healthy-living-fr","category-healthy-living-blog-fr","tag-ame"],"acf":[],"yoast_head":"<!-- This site is optimized with the Yoast SEO plugin v27.0 - https:\/\/yoast.com\/product\/yoast-seo-wordpress\/ -->\n<title>Pourquoi \u00eatre v\u00e9g\u00e9tarien | Bienfaits d&#039;\u00eatre v\u00e9g\u00e9tarien | Pourquoi \u00eatre v\u00e9g\u00e9talien<\/title>\n<meta name=\"description\" content=\"Un r\u00e9gime v\u00e9g\u00e9tarien ne favorise pas uniquement la sant\u00e9 physique. Il pr\u00e9serve notre \u00e9cosyst\u00e8me mondial.\" \/>\n<meta name=\"robots\" content=\"index, follow, max-snippet:-1, max-image-preview:large, max-video-preview:-1\" \/>\n<link rel=\"canonical\" href=\"https:\/\/www.sos.org\/fr\/pourquoi-etre-vegetarien\/\" \/>\n<meta property=\"og:locale\" content=\"fr_FR\" \/>\n<meta property=\"og:type\" content=\"article\" \/>\n<meta property=\"og:title\" content=\"Pourquoi \u00eatre v\u00e9g\u00e9tarien | Bienfaits d&#039;\u00eatre v\u00e9g\u00e9tarien | Pourquoi \u00eatre v\u00e9g\u00e9talien\" \/>\n<meta property=\"og:description\" content=\"Un r\u00e9gime v\u00e9g\u00e9tarien ne favorise pas uniquement la sant\u00e9 physique. Il pr\u00e9serve notre \u00e9cosyst\u00e8me mondial.\" \/>\n<meta property=\"og:url\" content=\"https:\/\/www.sos.org\/fr\/pourquoi-etre-vegetarien\/\" \/>\n<meta property=\"og:site_name\" content=\"Science of Spirituality\" \/>\n<meta property=\"article:publisher\" content=\"https:\/\/www.facebook.com\/SOS.Global\/\" \/>\n<meta property=\"article:published_time\" content=\"2019-04-26T22:17:00+00:00\" \/>\n<meta property=\"article:modified_time\" content=\"2024-12-02T10:02:37+00:00\" \/>\n<meta property=\"og:image\" content=\"https:\/\/www.sos.org\/wp-content\/uploads\/2019\/04\/why-vegetarian-image.jpg\" \/>\n\t<meta property=\"og:image:width\" content=\"684\" \/>\n\t<meta property=\"og:image:height\" content=\"378\" \/>\n\t<meta property=\"og:image:type\" content=\"image\/jpeg\" \/>\n<meta name=\"author\" content=\"Ajay Kumar\" \/>\n<meta name=\"twitter:card\" content=\"summary_large_image\" \/>\n<meta name=\"twitter:creator\" content=\"@sosmeditate\" \/>\n<meta name=\"twitter:site\" content=\"@sosmeditate\" \/>\n<meta name=\"twitter:label1\" content=\"\u00c9crit par\" \/>\n\t<meta name=\"twitter:data1\" content=\"Ajay Kumar\" \/>\n\t<meta name=\"twitter:label2\" content=\"Dur\u00e9e de lecture estim\u00e9e\" \/>\n\t<meta name=\"twitter:data2\" content=\"8 minutes\" \/>\n<script type=\"application\/ld+json\" class=\"yoast-schema-graph\">{\"@context\":\"https:\/\/schema.org\",\"@graph\":[{\"@type\":\"Article\",\"@id\":\"https:\/\/www.sos.org\/fr\/pourquoi-etre-vegetarien\/#article\",\"isPartOf\":{\"@id\":\"https:\/\/www.sos.org\/fr\/pourquoi-etre-vegetarien\/\"},\"author\":{\"name\":\"Ajay Kumar\",\"@id\":\"https:\/\/www.sos.org\/fr\/#\/schema\/person\/d3e42a893961a990a49fe171c53c83ab\"},\"headline\":\"Pourquoi devenir v\u00e9g\u00e9tarien ?\",\"datePublished\":\"2019-04-26T22:17:00+00:00\",\"dateModified\":\"2024-12-02T10:02:37+00:00\",\"mainEntityOfPage\":{\"@id\":\"https:\/\/www.sos.org\/fr\/pourquoi-etre-vegetarien\/\"},\"wordCount\":1601,\"commentCount\":0,\"publisher\":{\"@id\":\"https:\/\/www.sos.org\/fr\/#organization\"},\"image\":{\"@id\":\"https:\/\/www.sos.org\/fr\/pourquoi-etre-vegetarien\/#primaryimage\"},\"thumbnailUrl\":\"https:\/\/www.sos.org\/wp-content\/uploads\/2019\/04\/why-vegetarian-image.jpg\",\"keywords\":[\"\u00e2me\"],\"articleSection\":[\"Front Page\",\"Front Page &#8211; Blog\",\"Healthy Living\",\"Healthy Living &#8211; Blog\"],\"inLanguage\":\"fr-FR\",\"potentialAction\":[{\"@type\":\"CommentAction\",\"name\":\"Comment\",\"target\":[\"https:\/\/www.sos.org\/fr\/pourquoi-etre-vegetarien\/#respond\"]}]},{\"@type\":\"WebPage\",\"@id\":\"https:\/\/www.sos.org\/fr\/pourquoi-etre-vegetarien\/\",\"url\":\"https:\/\/www.sos.org\/fr\/pourquoi-etre-vegetarien\/\",\"name\":\"Pourquoi \u00eatre v\u00e9g\u00e9tarien | Bienfaits d'\u00eatre v\u00e9g\u00e9tarien | Pourquoi \u00eatre v\u00e9g\u00e9talien\",\"isPartOf\":{\"@id\":\"https:\/\/www.sos.org\/fr\/#website\"},\"primaryImageOfPage\":{\"@id\":\"https:\/\/www.sos.org\/fr\/pourquoi-etre-vegetarien\/#primaryimage\"},\"image\":{\"@id\":\"https:\/\/www.sos.org\/fr\/pourquoi-etre-vegetarien\/#primaryimage\"},\"thumbnailUrl\":\"https:\/\/www.sos.org\/wp-content\/uploads\/2019\/04\/why-vegetarian-image.jpg\",\"datePublished\":\"2019-04-26T22:17:00+00:00\",\"dateModified\":\"2024-12-02T10:02:37+00:00\",\"description\":\"Un r\u00e9gime v\u00e9g\u00e9tarien ne favorise pas uniquement la sant\u00e9 physique. Il pr\u00e9serve notre \u00e9cosyst\u00e8me mondial.\",\"breadcrumb\":{\"@id\":\"https:\/\/www.sos.org\/fr\/pourquoi-etre-vegetarien\/#breadcrumb\"},\"inLanguage\":\"fr-FR\",\"potentialAction\":[{\"@type\":\"ReadAction\",\"target\":[\"https:\/\/www.sos.org\/fr\/pourquoi-etre-vegetarien\/\"]}]},{\"@type\":\"ImageObject\",\"inLanguage\":\"fr-FR\",\"@id\":\"https:\/\/www.sos.org\/fr\/pourquoi-etre-vegetarien\/#primaryimage\",\"url\":\"https:\/\/www.sos.org\/wp-content\/uploads\/2019\/04\/why-vegetarian-image.jpg\",\"contentUrl\":\"https:\/\/www.sos.org\/wp-content\/uploads\/2019\/04\/why-vegetarian-image.jpg\",\"width\":684,\"height\":378,\"caption\":\"Vegetarian meal of chickpea or garbanzo beans salad\"},{\"@type\":\"BreadcrumbList\",\"@id\":\"https:\/\/www.sos.org\/fr\/pourquoi-etre-vegetarien\/#breadcrumb\",\"itemListElement\":[{\"@type\":\"ListItem\",\"position\":1,\"name\":\"Home\",\"item\":\"https:\/\/www.sos.org\/fr\/\"},{\"@type\":\"ListItem\",\"position\":2,\"name\":\"Pourquoi devenir v\u00e9g\u00e9tarien ?\"}]},{\"@type\":\"WebSite\",\"@id\":\"https:\/\/www.sos.org\/fr\/#website\",\"url\":\"https:\/\/www.sos.org\/fr\/\",\"name\":\"Science of Spirituality\",\"description\":\"SOS\",\"publisher\":{\"@id\":\"https:\/\/www.sos.org\/fr\/#organization\"},\"potentialAction\":[{\"@type\":\"SearchAction\",\"target\":{\"@type\":\"EntryPoint\",\"urlTemplate\":\"https:\/\/www.sos.org\/fr\/?s={search_term_string}\"},\"query-input\":{\"@type\":\"PropertyValueSpecification\",\"valueRequired\":true,\"valueName\":\"search_term_string\"}}],\"inLanguage\":\"fr-FR\"},{\"@type\":\"Organization\",\"@id\":\"https:\/\/www.sos.org\/fr\/#organization\",\"name\":\"Science of Sprituality\",\"url\":\"https:\/\/www.sos.org\/fr\/\",\"logo\":{\"@type\":\"ImageObject\",\"inLanguage\":\"fr-FR\",\"@id\":\"https:\/\/www.sos.org\/fr\/#\/schema\/logo\/image\/\",\"url\":\"https:\/\/www.sos.org\/wp-content\/uploads\/2020\/01\/sos_logo.png\",\"contentUrl\":\"https:\/\/www.sos.org\/wp-content\/uploads\/2020\/01\/sos_logo.png\",\"width\":153,\"height\":109,\"caption\":\"Science of Sprituality\"},\"image\":{\"@id\":\"https:\/\/www.sos.org\/fr\/#\/schema\/logo\/image\/\"},\"sameAs\":[\"https:\/\/www.facebook.com\/SOS.Global\/\",\"https:\/\/x.com\/sosmeditate\",\"https:\/\/www.instagram.com\/science.of.spirituality\/\",\"https:\/\/www.youtube.com\/c\/SantRajinderSinghJiMaharaj\",\"https:\/\/en.wikipedia.org\/wiki\/Science_of_Spirituality\"]},{\"@type\":\"Person\",\"@id\":\"https:\/\/www.sos.org\/fr\/#\/schema\/person\/d3e42a893961a990a49fe171c53c83ab\",\"name\":\"Ajay Kumar\",\"image\":{\"@type\":\"ImageObject\",\"inLanguage\":\"fr-FR\",\"@id\":\"https:\/\/www.sos.org\/fr\/#\/schema\/person\/image\/\",\"url\":\"https:\/\/secure.gravatar.com\/avatar\/2394d4c388a7bd21faeac283ed2e63996a1b5effcde272a10900b5ab4980f231?s=96&d=mm&r=g\",\"contentUrl\":\"https:\/\/secure.gravatar.com\/avatar\/2394d4c388a7bd21faeac283ed2e63996a1b5effcde272a10900b5ab4980f231?s=96&d=mm&r=g\",\"caption\":\"Ajay Kumar\"},\"url\":\"https:\/\/www.sos.org\/fr\/author\/akumar\/\"}]}<\/script>\n<!-- \/ Yoast SEO plugin. -->","yoast_head_json":{"title":"Pourquoi \u00eatre v\u00e9g\u00e9tarien | Bienfaits d'\u00eatre v\u00e9g\u00e9tarien | Pourquoi \u00eatre v\u00e9g\u00e9talien","description":"Un r\u00e9gime v\u00e9g\u00e9tarien ne favorise pas uniquement la sant\u00e9 physique. Il pr\u00e9serve notre \u00e9cosyst\u00e8me mondial.","robots":{"index":"index","follow":"follow","max-snippet":"max-snippet:-1","max-image-preview":"max-image-preview:large","max-video-preview":"max-video-preview:-1"},"canonical":"https:\/\/www.sos.org\/fr\/pourquoi-etre-vegetarien\/","og_locale":"fr_FR","og_type":"article","og_title":"Pourquoi \u00eatre v\u00e9g\u00e9tarien | Bienfaits d'\u00eatre v\u00e9g\u00e9tarien | Pourquoi \u00eatre v\u00e9g\u00e9talien","og_description":"Un r\u00e9gime v\u00e9g\u00e9tarien ne favorise pas uniquement la sant\u00e9 physique. Il pr\u00e9serve notre \u00e9cosyst\u00e8me mondial.","og_url":"https:\/\/www.sos.org\/fr\/pourquoi-etre-vegetarien\/","og_site_name":"Science of Spirituality","article_publisher":"https:\/\/www.facebook.com\/SOS.Global\/","article_published_time":"2019-04-26T22:17:00+00:00","article_modified_time":"2024-12-02T10:02:37+00:00","og_image":[{"width":684,"height":378,"url":"https:\/\/www.sos.org\/wp-content\/uploads\/2019\/04\/why-vegetarian-image.jpg","type":"image\/jpeg"}],"author":"Ajay Kumar","twitter_card":"summary_large_image","twitter_creator":"@sosmeditate","twitter_site":"@sosmeditate","twitter_misc":{"\u00c9crit par":"Ajay Kumar","Dur\u00e9e de lecture estim\u00e9e":"8 minutes"},"schema":{"@context":"https:\/\/schema.org","@graph":[{"@type":"Article","@id":"https:\/\/www.sos.org\/fr\/pourquoi-etre-vegetarien\/#article","isPartOf":{"@id":"https:\/\/www.sos.org\/fr\/pourquoi-etre-vegetarien\/"},"author":{"name":"Ajay Kumar","@id":"https:\/\/www.sos.org\/fr\/#\/schema\/person\/d3e42a893961a990a49fe171c53c83ab"},"headline":"Pourquoi devenir v\u00e9g\u00e9tarien ?","datePublished":"2019-04-26T22:17:00+00:00","dateModified":"2024-12-02T10:02:37+00:00","mainEntityOfPage":{"@id":"https:\/\/www.sos.org\/fr\/pourquoi-etre-vegetarien\/"},"wordCount":1601,"commentCount":0,"publisher":{"@id":"https:\/\/www.sos.org\/fr\/#organization"},"image":{"@id":"https:\/\/www.sos.org\/fr\/pourquoi-etre-vegetarien\/#primaryimage"},"thumbnailUrl":"https:\/\/www.sos.org\/wp-content\/uploads\/2019\/04\/why-vegetarian-image.jpg","keywords":["\u00e2me"],"articleSection":["Front Page","Front Page &#8211; Blog","Healthy Living","Healthy Living &#8211; Blog"],"inLanguage":"fr-FR","potentialAction":[{"@type":"CommentAction","name":"Comment","target":["https:\/\/www.sos.org\/fr\/pourquoi-etre-vegetarien\/#respond"]}]},{"@type":"WebPage","@id":"https:\/\/www.sos.org\/fr\/pourquoi-etre-vegetarien\/","url":"https:\/\/www.sos.org\/fr\/pourquoi-etre-vegetarien\/","name":"Pourquoi \u00eatre v\u00e9g\u00e9tarien | Bienfaits d'\u00eatre v\u00e9g\u00e9tarien | Pourquoi \u00eatre v\u00e9g\u00e9talien","isPartOf":{"@id":"https:\/\/www.sos.org\/fr\/#website"},"primaryImageOfPage":{"@id":"https:\/\/www.sos.org\/fr\/pourquoi-etre-vegetarien\/#primaryimage"},"image":{"@id":"https:\/\/www.sos.org\/fr\/pourquoi-etre-vegetarien\/#primaryimage"},"thumbnailUrl":"https:\/\/www.sos.org\/wp-content\/uploads\/2019\/04\/why-vegetarian-image.jpg","datePublished":"2019-04-26T22:17:00+00:00","dateModified":"2024-12-02T10:02:37+00:00","description":"Un r\u00e9gime v\u00e9g\u00e9tarien ne favorise pas uniquement la sant\u00e9 physique. Il pr\u00e9serve notre \u00e9cosyst\u00e8me mondial.","breadcrumb":{"@id":"https:\/\/www.sos.org\/fr\/pourquoi-etre-vegetarien\/#breadcrumb"},"inLanguage":"fr-FR","potentialAction":[{"@type":"ReadAction","target":["https:\/\/www.sos.org\/fr\/pourquoi-etre-vegetarien\/"]}]},{"@type":"ImageObject","inLanguage":"fr-FR","@id":"https:\/\/www.sos.org\/fr\/pourquoi-etre-vegetarien\/#primaryimage","url":"https:\/\/www.sos.org\/wp-content\/uploads\/2019\/04\/why-vegetarian-image.jpg","contentUrl":"https:\/\/www.sos.org\/wp-content\/uploads\/2019\/04\/why-vegetarian-image.jpg","width":684,"height":378,"caption":"Vegetarian meal of chickpea or garbanzo beans salad"},{"@type":"BreadcrumbList","@id":"https:\/\/www.sos.org\/fr\/pourquoi-etre-vegetarien\/#breadcrumb","itemListElement":[{"@type":"ListItem","position":1,"name":"Home","item":"https:\/\/www.sos.org\/fr\/"},{"@type":"ListItem","position":2,"name":"Pourquoi devenir v\u00e9g\u00e9tarien ?"}]},{"@type":"WebSite","@id":"https:\/\/www.sos.org\/fr\/#website","url":"https:\/\/www.sos.org\/fr\/","name":"Science of Spirituality","description":"SOS","publisher":{"@id":"https:\/\/www.sos.org\/fr\/#organization"},"potentialAction":[{"@type":"SearchAction","target":{"@type":"EntryPoint","urlTemplate":"https:\/\/www.sos.org\/fr\/?s={search_term_string}"},"query-input":{"@type":"PropertyValueSpecification","valueRequired":true,"valueName":"search_term_string"}}],"inLanguage":"fr-FR"},{"@type":"Organization","@id":"https:\/\/www.sos.org\/fr\/#organization","name":"Science of Sprituality","url":"https:\/\/www.sos.org\/fr\/","logo":{"@type":"ImageObject","inLanguage":"fr-FR","@id":"https:\/\/www.sos.org\/fr\/#\/schema\/logo\/image\/","url":"https:\/\/www.sos.org\/wp-content\/uploads\/2020\/01\/sos_logo.png","contentUrl":"https:\/\/www.sos.org\/wp-content\/uploads\/2020\/01\/sos_logo.png","width":153,"height":109,"caption":"Science of Sprituality"},"image":{"@id":"https:\/\/www.sos.org\/fr\/#\/schema\/logo\/image\/"},"sameAs":["https:\/\/www.facebook.com\/SOS.Global\/","https:\/\/x.com\/sosmeditate","https:\/\/www.instagram.com\/science.of.spirituality\/","https:\/\/www.youtube.com\/c\/SantRajinderSinghJiMaharaj","https:\/\/en.wikipedia.org\/wiki\/Science_of_Spirituality"]},{"@type":"Person","@id":"https:\/\/www.sos.org\/fr\/#\/schema\/person\/d3e42a893961a990a49fe171c53c83ab","name":"Ajay Kumar","image":{"@type":"ImageObject","inLanguage":"fr-FR","@id":"https:\/\/www.sos.org\/fr\/#\/schema\/person\/image\/","url":"https:\/\/secure.gravatar.com\/avatar\/2394d4c388a7bd21faeac283ed2e63996a1b5effcde272a10900b5ab4980f231?s=96&d=mm&r=g","contentUrl":"https:\/\/secure.gravatar.com\/avatar\/2394d4c388a7bd21faeac283ed2e63996a1b5effcde272a10900b5ab4980f231?s=96&d=mm&r=g","caption":"Ajay Kumar"},"url":"https:\/\/www.sos.org\/fr\/author\/akumar\/"}]}},"_links":{"self":[{"href":"https:\/\/www.sos.org\/fr\/wp-json\/wp\/v2\/posts\/14742","targetHints":{"allow":["GET"]}}],"collection":[{"href":"https:\/\/www.sos.org\/fr\/wp-json\/wp\/v2\/posts"}],"about":[{"href":"https:\/\/www.sos.org\/fr\/wp-json\/wp\/v2\/types\/post"}],"author":[{"embeddable":true,"href":"https:\/\/www.sos.org\/fr\/wp-json\/wp\/v2\/users\/6"}],"replies":[{"embeddable":true,"href":"https:\/\/www.sos.org\/fr\/wp-json\/wp\/v2\/comments?post=14742"}],"version-history":[{"count":10,"href":"https:\/\/www.sos.org\/fr\/wp-json\/wp\/v2\/posts\/14742\/revisions"}],"predecessor-version":[{"id":249384,"href":"https:\/\/www.sos.org\/fr\/wp-json\/wp\/v2\/posts\/14742\/revisions\/249384"}],"wp:featuredmedia":[{"embeddable":true,"href":"https:\/\/www.sos.org\/fr\/wp-json\/wp\/v2\/media\/5600"}],"wp:attachment":[{"href":"https:\/\/www.sos.org\/fr\/wp-json\/wp\/v2\/media?parent=14742"}],"wp:term":[{"taxonomy":"category","embeddable":true,"href":"https:\/\/www.sos.org\/fr\/wp-json\/wp\/v2\/categories?post=14742"},{"taxonomy":"post_tag","embeddable":true,"href":"https:\/\/www.sos.org\/fr\/wp-json\/wp\/v2\/tags?post=14742"},{"taxonomy":"post_folder","embeddable":true,"href":"https:\/\/www.sos.org\/fr\/wp-json\/wp\/v2\/post_folder?post=14742"}],"curies":[{"name":"wp","href":"https:\/\/api.w.org\/{rel}","templated":true}]}}